{"id":7860,"date":"2026-04-27T13:12:00","date_gmt":"2026-04-27T13:12:00","guid":{"rendered":"https:\/\/www.lyceefrancaisbilbao.com\/?p=7860"},"modified":"2026-04-28T09:00:24","modified_gmt":"2026-04-28T09:00:24","slug":"la-maternelle-un-investissement-pour-le-futur","status":"publish","type":"post","link":"https:\/\/www.lyceefrancaisbilbao.com\/fr\/blog\/la-maternelle-un-investissement-pour-le-futur\/","title":{"rendered":"la maternelle, un investissement pour le futur"},"content":{"rendered":"\t\t<div data-elementor-type=\"wp-post\" data-elementor-id=\"7860\" class=\"elementor elementor-7860 elementor-7827\" data-elementor-post-type=\"post\">\n\t\t\t\t<div class=\"elementor-element elementor-element-5ae0cf5 e-flex e-con-boxed e-con e-parent\" data-id=\"5ae0cf5\" data-element_type=\"container\" data-e-type=\"container\">\n\t\t\t\t\t<div class=\"e-con-inner\">\n\t\t\t\t<div class=\"elementor-element elementor-element-6b68fce elementor-widget elementor-widget-text-editor\" data-id=\"6b68fce\" data-element_type=\"widget\" data-e-type=\"widget\" data-widget_type=\"text-editor.default\">\n\t\t\t\t<div class=\"elementor-widget-container\">\n\t\t\t\t\t\t\t\t\t<h2>Choisir la maternelle fran\u00e7aise \u00e0 Bilbao : l\u2019investissement gagnant pour l\u2019avenir de vos enfants<\/h2><p>Le choix de la premi\u00e8re \u00e9cole est sans doute l\u2019une des d\u00e9cisions les plus cruciales pour de jeunes parents. \u00c0 Bilbao, l\u2019offre \u00e9ducative est vari\u00e9e, mais une question demeure : quel environnement offrira \u00e0 votre enfant les cl\u00e9s pour r\u00e9ussir dans un monde en constante mutation ? <\/p><p>Au <b>Lyc\u00e9e Fran\u00e7ais de Bilbao (LFB)<\/b>, nous consid\u00e9rons que la maternelle n\u2019est pas une simple \u00e9tape de transition, mais le socle d&rsquo;une excellence acad\u00e9mique durable. Choisir le mod\u00e8le fran\u00e7ais, c&rsquo;est offrir \u00e0 son enfant un avantage comp\u00e9titif d\u00e8s ses premiers pas, pour le porter jusqu&rsquo;aux meilleures universit\u00e9s mondiales. <\/p><h3><b>1. L&rsquo;accueil d\u00e8s 2 ans : poser les fondations de l&rsquo;excellence<\/b><\/h3><p>La recherche en neurosciences est unanime : les premi\u00e8res ann\u00e9es de vie sont celles o\u00f9 la plasticit\u00e9 c\u00e9r\u00e9brale atteint son apog\u00e9e. Accueillir les enfants d\u00e8s 2 ans en <a href=\"https:\/\/www.lyceefrancaisbilbao.com\/fr\/projet-educatif\/la-classe-des-2-ans-tps\/\"><b>Toute Petite Section (TPS)<\/b><\/a> permet de saisir cette fen\u00eatre d&rsquo;opportunit\u00e9 unique. <\/p><p>Contrairement \u00e0 une cr\u00e8che conventionnelle, notre structure propose un \u00e9veil p\u00e9dagogique encadr\u00e9. \u00c0 cet \u00e2ge, l&rsquo;enfant commence \u00e0 structurer sa pens\u00e9e, d\u00e9veloppe sa motricit\u00e9 fine et s&rsquo;immerge dans des structures linguistiques complexes de mani\u00e8re naturelle et ludique. <\/p><p><b>Le saviez-vous ?<\/b> L&rsquo;UNESCO souligne que l&rsquo;\u00e9ducation pr\u00e9coce de qualit\u00e9 est le facteur le plus d\u00e9terminant pour la r\u00e9ussite de la scolarit\u00e9 future.<\/p><p><span style=\"color: #0000ff;\"><u><a href=\"https:\/\/www.google.com\/search?q=https:\/\/www.unesco.org\/es\/education\/early-childhood\" target=\"_blank\" rel=\"noopener\"><i>L&rsquo;\u00e9ducation de la petite enfance &#8211; UNESCO<\/i><\/a><\/u><\/span><\/p><h3><b>2. Une ambition p\u00e9dagogique : le \u00ab\u00a0Vivre-ensemble\u00a0\u00bb et le \u00ab\u00a0Devenir \u00e9l\u00e8ve\u00a0\u00bb<\/b><\/h3><p>L&rsquo;\u00e9cole maternelle fran\u00e7aise est reconnue mondialement comme une <b>\u00e9cole \u00e0 part enti\u00e8re<\/b>. Notre programme, structur\u00e9 et ambitieux, pr\u00e9pare l&rsquo;enfant aux exigences de demain : <\/p><ul><li><p><b>La ma\u00eetrise du langage<\/b> : Nous visons un vocabulaire riche et une expression orale pr\u00e9cise, bases de la future capacit\u00e9 d&rsquo;analyse.<\/p><\/li><li><p><b>La rigueur intellectuelle<\/b> : Apprendre \u00e0 raisonner, \u00e0 manipuler des concepts logiques et \u00e0 pers\u00e9v\u00e9rer dans l&rsquo;effort.<\/p><\/li><li><p><b>L&rsquo;autonomie<\/b> : Cultiver la curiosit\u00e9 pour que l&rsquo;enfant devienne l&rsquo;acteur de ses propres apprentissages.<\/p><\/li><\/ul><h3><b>3. Un parcours plurilingue vers le BFI (Baccalaur\u00e9at Fran\u00e7ais International)<\/b><\/h3><p>Le plurilinguisme au LFB commence d\u00e8s la premi\u00e8re ann\u00e9e de maternelle pour s&rsquo;\u00e9panouir dans le prestigieux parcours <a href=\"https:\/\/www.lyceefrancaisbilbao.com\/proyecto-educativo\/bachillerato-internacional-frances-bff\/\"><b>BFI<\/b><\/a>. Cette immersion pr\u00e9coce (fran\u00e7ais, espagnol, anglais et basque) exerce le cerveau de l&rsquo;enfant et pr\u00e9pare les comp\u00e9tences de haut niveau qui seront \u00e9valu\u00e9es \u00e0 18 ans : <\/p><ul><li><p><b>Capacit\u00e9 de synth\u00e8se et d&rsquo;analyse<\/b> : Savoir naviguer entre les langues et les cultures.<\/p><\/li><li><p><b>Expression orale et \u00e9crite d&rsquo;excellence<\/b> : D\u00e9velopper une force de conviction et une clart\u00e9 d&rsquo;argumentation remarquables.<\/p><\/li><li><p><b>D\u00e9marche de projet<\/b> : Le BFI valorise l&rsquo;engagement des \u00e9l\u00e8ves dans des projets partenariaux, d\u00e9veloppant leur esprit d&rsquo;initiative et leur sens des responsabilit\u00e9s.<\/p><\/li><\/ul><h3><b>4. De la petite section aux meilleures universit\u00e9s mondiales<\/b><\/h3><p>Investir dans l&rsquo;\u00e9ducation maternelle au Lyc\u00e9e Fran\u00e7ais de Bilbao, c&rsquo;est tracer une ligne directe vers l&rsquo;enseignement sup\u00e9rieur international. Le baccalaur\u00e9at fran\u00e7ais, et notamment sa version internationale (<a href=\"https:\/\/www.lyceefrancaisbilbao.com\/proyecto-educativo\/bachillerato-internacional-frances-bff\/\">BFI<\/a>), est un <b>passeport d&rsquo;excellence<\/b> reconnu par les institutions les plus prestigieuses : <\/p><ul><li><p><b>En France<\/b> : Acc\u00e8s direct aux Classes Pr\u00e9paratoires aux Grandes \u00c9coles (CPGE), Sciences Po, et \u00e9coles d&rsquo;ing\u00e9nieurs.<\/p><\/li><li><p><b>\u00c0 l&rsquo;international<\/b> : Une reconnaissance majeure par les universit\u00e9s de la Ivy League (USA), d&rsquo;Oxbridge (Royaume-Uni) et les grandes universit\u00e9s europ\u00e9ennes.<\/p><\/li><\/ul><p>Les universit\u00e9s recherchent des profils capables de structurer une pens\u00e9e complexe, de synth\u00e9tiser des informations multilingues et de diriger des projets ambitieux. Ces comp\u00e9tences, nous commen\u00e7ons \u00e0 les cultiver d\u00e8s le premier jour dans notre \u00e9cole maternelle. <\/p><h4><b>Conclusion : Plus qu&rsquo;une \u00e9cole, choisir un destin !<\/b><\/h4><p>Choisir le Lyc\u00e9e Fran\u00e7ais de Bilbao, c&rsquo;est int\u00e9grer le r\u00e9seau <a href=\"https:\/\/aefe.gouv.fr\/fr\" target=\"_blank\" rel=\"noopener\"><b>AEFE<\/b><\/a>, qui garantit une continuit\u00e9 \u00e9ducative dans 139 pays. C&rsquo;est offrir \u00e0 votre enfant un environnement o\u00f9 l&rsquo;exigence devient une habitude et la diversit\u00e9 culturelle un moteur de r\u00e9ussite. <\/p><h2>La maternelle fran\u00e7aise n&rsquo;est pas seulement le d\u00e9but de la scolarit\u00e9 ; c&rsquo;est le premier investissement pour une carri\u00e8re sans fronti\u00e8res.<\/h2>\t\t\t\t\t\t\t\t<\/div>\n\t\t\t\t<\/div>\n\t\t\t\t\t<\/div>\n\t\t\t\t<\/div>\n\t\t\t\t<\/div>\n\t\t","protected":false},"excerpt":{"rendered":"<p>Choisir la maternelle fran\u00e7aise \u00e0 Bilbao : l\u2019investissement gagnant pour l\u2019avenir de vos enfants Le choix de la premi\u00e8re \u00e9cole est sans doute l\u2019une des d\u00e9cisions les plus cruciales pour de jeunes parents. \u00c0 Bilbao, l\u2019offre \u00e9ducative est vari\u00e9e, mais une question demeure : quel environnement offrira \u00e0 votre enfant les cl\u00e9s pour r\u00e9ussir dans [&hellip;]<\/p>\n","protected":false},"author":3,"featured_media":7858,"comment_status":"open","ping_status":"open","sticky":false,"template":"","format":"standard","meta":{"footnotes":""},"categories":[85,84,78,82],"tags":[],"class_list":["post-7860","post","type-post","status-publish","format-standard","has-post-thumbnail","hentry","category-education","category-actualites","category-sin-categoria","category-uncategorized"],"_links":{"self":[{"href":"https:\/\/www.lyceefrancaisbilbao.com\/fr\/wp-json\/wp\/v2\/posts\/7860","targetHints":{"allow":["GET"]}}],"collection":[{"href":"https:\/\/www.lyceefrancaisbilbao.com\/fr\/wp-json\/wp\/v2\/posts"}],"about":[{"href":"https:\/\/www.lyceefrancaisbilbao.com\/fr\/wp-json\/wp\/v2\/types\/post"}],"author":[{"embeddable":true,"href":"https:\/\/www.lyceefrancaisbilbao.com\/fr\/wp-json\/wp\/v2\/users\/3"}],"replies":[{"embeddable":true,"href":"https:\/\/www.lyceefrancaisbilbao.com\/fr\/wp-json\/wp\/v2\/comments?post=7860"}],"version-history":[{"count":10,"href":"https:\/\/www.lyceefrancaisbilbao.com\/fr\/wp-json\/wp\/v2\/posts\/7860\/revisions"}],"predecessor-version":[{"id":7910,"href":"https:\/\/www.lyceefrancaisbilbao.com\/fr\/wp-json\/wp\/v2\/posts\/7860\/revisions\/7910"}],"wp:featuredmedia":[{"embeddable":true,"href":"https:\/\/www.lyceefrancaisbilbao.com\/fr\/wp-json\/wp\/v2\/media\/7858"}],"wp:attachment":[{"href":"https:\/\/www.lyceefrancaisbilbao.com\/fr\/wp-json\/wp\/v2\/media?parent=7860"}],"wp:term":[{"taxonomy":"category","embeddable":true,"href":"https:\/\/www.lyceefrancaisbilbao.com\/fr\/wp-json\/wp\/v2\/categories?post=7860"},{"taxonomy":"post_tag","embeddable":true,"href":"https:\/\/www.lyceefrancaisbilbao.com\/fr\/wp-json\/wp\/v2\/tags?post=7860"}],"curies":[{"name":"wp","href":"https:\/\/api.w.org\/{rel}","templated":true}]}}